[{"@context":"https:\/\/schema.org\/","@type":"Article","@id":"https:\/\/www.moneyworld.cz\/osetrovne-ano-ci-ne\/#Article","mainEntityOfPage":"https:\/\/www.moneyworld.cz\/osetrovne-ano-ci-ne\/","headline":"O\u0161et\u0159ovn\u00e9 ano \u010di ne?","name":"O\u0161et\u0159ovn\u00e9 ano \u010di ne?","description":"I kdy\u017e se vl\u00e1da du\u0161uje, \u017ee u\u017e nebude kv\u016fli sv\u011btozn\u00e1m\u00e9 pandemii plo\u0161n\u011b zav\u00edrat \u0161koly, \u010d\u00edsla, je\u017e n\u00e1m dnes a denn\u011b nab\u00edzej\u00ed m\u00e9dia, nejsou ani trochu optimistick\u00e1. A jak nar\u016fst\u00e1 po\u010det naka\u017een\u00fdch, stoupaj\u00ed i po\u010dty zav\u0159en\u00fdch \u0161kolsk\u00fdch za\u0159\u00edzen\u00ed. A jakmile tak d\u00edt\u011b mus\u00ed nam\u00edsto \u0161koly z\u016fstat doma, mus\u00ed si ho rodina pochopiteln\u011b pohl\u00eddat. Co\u017e je zejm\u00e9na [&hellip;]","datePublished":"2020-09-13","dateModified":"2023-05-01","author":{"@type":"Person","@id":"https:\/\/www.moneyworld.cz\/author\/devene\/#Person","name":"devene","url":"https:\/\/www.moneyworld.cz\/author\/devene\/","identifier":2,"image":{"@type":"ImageObject","@id":"https:\/\/secure.gravatar.com\/avatar\/f17e51fc588a8d58b22312b5abcc2141?s=96&d=mm&r=g","url":"https:\/\/secure.gravatar.com\/avatar\/f17e51fc588a8d58b22312b5abcc2141?s=96&d=mm&r=g","height":96,"width":96}},"publisher":{"@type":"Organization","name":"moneyworld.cz","logo":{"@type":"ImageObject","@id":"\/logo.png","url":"\/logo.png","width":600,"height":60}},"image":{"@type":"ImageObject","@id":"https:\/\/moneyworld.cz\/wp-content\/uploads\/img_a387396_w4463_t1601551572.jpg","url":"https:\/\/moneyworld.cz\/wp-content\/uploads\/img_a387396_w4463_t1601551572.jpg","height":"","width":""},"url":"https:\/\/www.moneyworld.cz\/osetrovne-ano-ci-ne\/","about":["Ekonomika"],"wordCount":534,"articleBody":"I kdy\u017e se vl\u00e1da du\u0161uje, \u017ee u\u017e nebude kv\u016fli sv\u011btozn\u00e1m\u00e9 pandemii plo\u0161n\u011b zav\u00edrat \u0161koly, \u010d\u00edsla, je\u017e n\u00e1m dnes a denn\u011b nab\u00edzej\u00ed m\u00e9dia, nejsou ani trochu optimistick\u00e1. A jak nar\u016fst\u00e1 po\u010det naka\u017een\u00fdch, stoupaj\u00ed i po\u010dty zav\u0159en\u00fdch \u0161kolsk\u00fdch za\u0159\u00edzen\u00ed. A jakmile tak d\u00edt\u011b mus\u00ed nam\u00edsto \u0161koly z\u016fstat doma, mus\u00ed si ho rodina pochopiteln\u011b pohl\u00eddat. Co\u017e je zejm\u00e9na u mlad\u0161\u00edch d\u011bt\u00ed probl\u00e9m. Proto\u017ee zn\u00e1te to&hellip;Jakmile mus\u00ed rodi\u010d s&nbsp;d\u00edt\u011btem z\u016fstat doma, a to klidn\u011b i ze dne na den, vznikaj\u00ed probl\u00e9my. Pro tohoto i pro jeho zam\u011bstnavatele, kter\u00fd mus\u00ed takov\u00e9ho zam\u011bstnance postr\u00e1dat.Vezm\u011bte si takov\u00e9ho rodi\u010de, kter\u00fd mus\u00ed z\u016fstat doma, proto\u017ee byla \u0161kola jeho d\u00edt\u011bte zav\u0159ena kv\u016fli nemoci u\u010ditel\u016f. Jakmile takov\u00e1 \u0161kola nen\u00ed v&nbsp;hygieniky na\u0159\u00edzen\u00e9 karant\u00e9n\u011b, nemaj\u00ed rodi\u010de ze z\u00e1kona n\u00e1rok na o\u0161et\u0159ovn\u00e9 v\u016fbec. A pokud jde o karant\u00e9nu kv\u016fli koronaviru, je \u010derp\u00e1n\u00ed o\u0161et\u0159ovn\u00e9ho pouze \u010dasov\u011b omezen\u00e9 a tak\u00e9 ni\u017e\u0161\u00ed, ne\u017e jak tomu bylo v&nbsp;p\u0159\u00edpad\u011b posledn\u00edho uzav\u0159en\u00ed \u010desk\u00fdch \u0161kol.Ministryn\u011b pr\u00e1ce se sice nechala sly\u0161et, \u017ee by se vypl\u00e1cen\u00ed zm\u00edn\u011bn\u00e9 d\u00e1vky m\u011blo prodlou\u017eit na celou dobu p\u0159\u00edpadn\u00e9 v\u00fduky na d\u00e1lku a m\u011blo by se t\u00fdkat v\u0161ech \u017e\u00e1k\u016f ve v\u011bku do t\u0159in\u00e1cti let, ov\u0161em vl\u00e1dn\u00ed koalice st\u00e1le pouze jedn\u00e1 o n\u011bkolika mo\u017en\u00fdch sc\u00e9n\u00e1\u0159\u00edch. A pro premi\u00e9ra nen\u00ed toto t\u00e9ma v\u016fbec urgentn\u00ed, nen\u00ed to nic, \u010d\u00edm by se vl\u00e1da pr\u00e1v\u011b nyn\u00ed m\u011bla zab\u00fdvat. Proto\u017ee se p\u0159ece nemaj\u00ed \u0161koly plo\u0161n\u011b zav\u00edrat, tak\u017ee pro\u010d to \u0159e\u0161it&hellip;Ov\u0161em podivn\u011b v&nbsp;t\u00e9to souvislosti vypadaj\u00ed obavy n\u011bkter\u00fdch na\u0161ich ministr\u016f. Ti se u\u017e dnes ob\u00e1vaj\u00ed, \u017ee budou-li \u0161koly ve v\u011bt\u0161\u00edm m\u011b\u0159\u00edtku op\u011bt uzav\u0159eny a p\u0159ejde se na distan\u010dn\u00ed v\u00fduku, budou mo\u017en\u00e1 mnoha firm\u00e1m chyb\u011bt zam\u011bstnanci. Tedy rodi\u010de, kte\u0159\u00ed z\u016fstanou s&nbsp;d\u011btmi doma.A tak se dnes a denn\u011b m\u016f\u017eeme v&nbsp;m\u00e9di\u00edch seznamovat s&nbsp;t\u00edm, jak neblaze se trend stran koronaviru vyv\u00edj\u00ed, dnes a denn\u011b jsme varov\u00e1ni a stra\u0161eni. Ale z\u00e1rove\u0148 je vl\u00e1d\u011b docela jedno, jak budou \u017e\u00edt lid\u00e9, kte\u0159\u00ed budou donuceni z\u016fstat se sv\u00fdmi d\u011btmi doma. Proto\u017ee ministr\u016fm vad\u00ed leda to, \u017ee by u n\u00e1s mo\u017en\u00e1 nem\u011bl kdo pracovat. A pro premi\u00e9ra o\u0161et\u0159ovn\u00e9 nen\u00ed urgentn\u00ed t\u00e9ma. Na rozd\u00edl t\u0159eba od korumpov\u00e1n\u00edm voli\u010d\u016f zav\u00e1n\u011bj\u00edc\u00edho p\u011btitis\u00edcov\u00e9ho p\u0159\u00edsp\u011bvku d\u016fchodc\u016fm.                                                                                                                                                                                                                                                                                                                                                                                                                                                Jak bude reklama vypadat? -           Kup si reklamu pod t\u00edmto \u010dl\u00e1nkem jen za 50 K\u010d      Zobrazit formul\u00e1\u0159 pro n\u00e1kup                      Odkaz:                     N\u00e1zev:                     Popisek:                    Follow Nofollow                                                     "},{"@context":"https:\/\/schema.org\/","@type":"BreadcrumbList","itemListElement":[{"@type":"ListItem","position":1,"name":"O\u0161et\u0159ovn\u00e9 ano \u010di ne?","item":"https:\/\/www.moneyworld.cz\/osetrovne-ano-ci-ne\/#breadcrumbitem"}]}]