[{"@context":"https:\/\/schema.org\/","@type":"Article","@id":"https:\/\/www.moneyworld.cz\/kdyz-se-rekne-inflace\/#Article","mainEntityOfPage":"https:\/\/www.moneyworld.cz\/kdyz-se-rekne-inflace\/","headline":"Kdy\u017e se \u0159ekne \u201ainflace\u2018","name":"Kdy\u017e se \u0159ekne \u201ainflace\u2018","description":"Je u\u017e vlastn\u011b docela b\u011b\u017enou v\u011bc\u00ed, \u017ee n\u00e1m m\u00e9dia \u010das od \u010dasu p\u0159edstav\u00ed n\u011bjakou tu n\u011bkdy stru\u010dn\u011bj\u0161\u00ed a n\u011bkdy naopak klidn\u011b i hodn\u011b podrobnou statistiku t\u00fdkaj\u00edc\u00ed se inflace. Lidem se tu prost\u011b p\u0159edhod\u00ed n\u011bjak\u00e1 ta \u010d\u00edsla a procenta a t\u00edm to nejednou skon\u010d\u00ed. Proto\u017ee je jenom m\u00e1lo na\u0161inc\u016f, kte\u0159\u00ed by se nad t\u011bmito \u00fadaji n\u011bjak [&hellip;]","datePublished":"2020-09-09","dateModified":"2023-05-01","author":{"@type":"Person","@id":"https:\/\/www.moneyworld.cz\/author\/devene\/#Person","name":"devene","url":"https:\/\/www.moneyworld.cz\/author\/devene\/","identifier":2,"image":{"@type":"ImageObject","@id":"https:\/\/secure.gravatar.com\/avatar\/f17e51fc588a8d58b22312b5abcc2141?s=96&d=mm&r=g","url":"https:\/\/secure.gravatar.com\/avatar\/f17e51fc588a8d58b22312b5abcc2141?s=96&d=mm&r=g","height":96,"width":96}},"publisher":{"@type":"Organization","name":"moneyworld.cz","logo":{"@type":"ImageObject","@id":"\/logo.png","url":"\/logo.png","width":600,"height":60}},"image":{"@type":"ImageObject","@id":"https:\/\/moneyworld.cz\/wp-content\/uploads\/img_a387397_w4463_t1601551660.jpg","url":"https:\/\/moneyworld.cz\/wp-content\/uploads\/img_a387397_w4463_t1601551660.jpg","height":"","width":""},"url":"https:\/\/www.moneyworld.cz\/kdyz-se-rekne-inflace\/","about":["Ekonomika"],"wordCount":511,"articleBody":"Je u\u017e vlastn\u011b docela b\u011b\u017enou v\u011bc\u00ed, \u017ee n\u00e1m m\u00e9dia \u010das od \u010dasu p\u0159edstav\u00ed n\u011bjakou tu n\u011bkdy stru\u010dn\u011bj\u0161\u00ed a n\u011bkdy naopak klidn\u011b i hodn\u011b podrobnou statistiku t\u00fdkaj\u00edc\u00ed se inflace. Lidem se tu prost\u011b p\u0159edhod\u00ed n\u011bjak\u00e1 ta \u010d\u00edsla a procenta a t\u00edm to nejednou skon\u010d\u00ed. Proto\u017ee je jenom m\u00e1lo na\u0161inc\u016f, kte\u0159\u00ed by se nad t\u011bmito \u00fadaji n\u011bjak pozastavovali, zam\u00fd\u0161leli se a vyvozovali z&nbsp;nich n\u011bjak\u00e9 d\u016fsledky. Prost\u011b je tu n\u011bjak\u00e1 ta inflace a t\u00edm to kon\u010d\u00ed.Jako t\u0159eba nyn\u00ed. Podle posledn\u00edch zve\u0159ejn\u011bn\u00fdch \u010d\u00edsel od \u010cesk\u00e9ho statistick\u00e9ho \u00fa\u0159adu u n\u00e1s prost\u011b spot\u0159ebitelsk\u00e9 ceny v&nbsp;srpnu ve srovn\u00e1n\u00ed se srpnem lo\u0148sk\u00e9ho roku vzrostly o 3,3 procenta. Co\u017e je daleko v\u00edce ne\u017e &sbquo;zdrav\u00e1 inflace&lsquo;, ji\u017e n\u00e1m kdysi naordinovala a sv\u00fdm ti\u0161t\u011bn\u00edm pen\u011bz zavinila soci\u00e1ln\u011b demokratick\u00e1 vl\u00e1da.Jestli pr\u00fd n\u00e1s mohlo n\u011bco v&nbsp;tomto srpnu t\u011b\u0161it, bylo to zlevn\u011bn\u00ed zeleniny v\u010detn\u011b brambor. Nepatrn\u011b si pak kupuj\u00edc\u00ed polep\u0161ili i v&nbsp;z\u00e1le\u017eitostech jako ovoce, oble\u010den\u00ed a obuv.Naopak n\u00e1s ve zm\u00edn\u011bn\u00e9m m\u011bs\u00edci nepot\u011b\u0161ily zdra\u017euj\u00edc\u00ed pohonn\u00e9 hmoty, automobily, stravov\u00e1n\u00ed a ubytov\u00e1n\u00ed, vep\u0159ov\u00e9 maso, vejce, lihoviny a pivo.A co tato inflace ve sv\u00e9 podstat\u011b znamen\u00e1? P\u0159ece to, co je nemil\u00e9 ka\u017ed\u00e9mu z&nbsp;n\u00e1s. Jde o skute\u010dnost, \u017ee p\u0159i placen\u00ed mus\u00edme sahat st\u00e1le hloub\u011bji do kapsy. \u017de se znehodnocuj\u00ed na\u0161e \u00faspory a rostou v\u00fddaje, na kter\u00e9 si dnes mnoz\u00ed nemaj\u00ed jak vyd\u011blat. Proto\u017ee v\u00edme, kam to tato zem\u011b v&nbsp;uplynul\u00e9m p\u016flroce, a nejen v&nbsp;uplynul\u00e9m p\u016flroce, ekonomicky dot\u00e1hla.Podle hlavn\u00edho ekonoma ING Bank Jakuba Seidlera je leto\u0161n\u00ed inflace p\u0159ekvapiv\u011b vysok\u00e1, a to hlavn\u011b kv\u016fli potravin\u00e1m, bydlen\u00ed, alkoholu a tab\u00e1kov\u00fdm v\u00fdrobk\u016fm, dopl\u00e1c\u00edme i na b\u0159eznov\u00e9 a\u017e kv\u011btnov\u00e9 oslaben\u00ed na\u0161\u00ed m\u011bny, co\u017e zdra\u017eilo dovoz. A na situaci se podepisuje i p\u0159eh\u0159\u00e1t\u00e1 ekonomika z&nbsp;p\u0159edkoronavirov\u00e9 doby, i to, \u017ee d\u00edky vl\u00e1dn\u00ed podpo\u0159e udr\u017eov\u00e1n\u00ed zam\u011bstnanosti z\u016fstala ve\u0159ejnost relativn\u011b solventn\u00ed a obchodn\u00edci tak mohli nadsadit ceny.A tak zat\u00edmco m\u011bla EU v&nbsp;\u010dervenci inflaci 0,9 %, my skoro \u010dty\u0159n\u00e1sobn\u011b vy\u0161\u0161\u00ed. Ti, kdo si \u0161et\u0159\u00ed nebo nakupuj\u00ed, p\u0159i\u0161li jen za uplynul\u00fd rok na ka\u017ed\u00e9 stokorun\u011b o v\u00edc ne\u017e t\u0159i koruny. A st\u011b\u017e\u00ed se lze ut\u011b\u0161ovat t\u00edm, \u017ee u\u017e aspo\u0148 nejsme nejhor\u0161\u00ed z&nbsp;cel\u00e9 EU, \u017ee je na tom aspo\u0148 Polsko je\u0161t\u011b o n\u011bco h\u016f\u0159.                                                                                                                                                                                                                                                                                                                                                                                                                                                Jak bude reklama vypadat? -           Kup si reklamu pod t\u00edmto \u010dl\u00e1nkem jen za 50 K\u010d      Zobrazit formul\u00e1\u0159 pro n\u00e1kup                      Odkaz:                     N\u00e1zev:                     Popisek:                    Follow Nofollow                                                     "},{"@context":"https:\/\/schema.org\/","@type":"BreadcrumbList","itemListElement":[{"@type":"ListItem","position":1,"name":"Kdy\u017e se \u0159ekne \u201ainflace\u2018","item":"https:\/\/www.moneyworld.cz\/kdyz-se-rekne-inflace\/#breadcrumbitem"}]}]