[{"@context":"https:\/\/schema.org\/","@type":"Article","@id":"https:\/\/www.moneyworld.cz\/co-nas-v-ekonomice-ceka\/#Article","mainEntityOfPage":"https:\/\/www.moneyworld.cz\/co-nas-v-ekonomice-ceka\/","headline":"Co n\u00e1s v ekonomice \u010dek\u00e1?","name":"Co n\u00e1s v ekonomice \u010dek\u00e1?","description":"Pro nikoho, kdo se o to aspo\u0148 trochu zaj\u00edm\u00e1, nen\u00ed \u017e\u00e1dn\u00fdm tajemstv\u00edm, \u017ee se situace v&nbsp;na\u0161\u00ed ekonomice u\u017e dlouhodob\u011b hor\u0161\u00ed a hor\u0161\u00ed. Zat\u00edmco jsme se po dev\u011btaosmdes\u00e1t\u00e9m roce chlubili sv\u00fdm premiantstv\u00edm mezi zem\u011bmi na v\u00fdchod od \u017eelezn\u00e9 opony, nyn\u00ed u\u017e se d\u00e1 pou\u017e\u00edt sp\u00ed\u0161e r\u010den\u00ed &sbquo;kde\u017ee lo\u0148sk\u00e9 sn\u011bhy jsou&lsquo;. I v&nbsp;pom\u011brn\u011b ned\u00e1vn\u00fdch takzvan\u00fdch dobr\u00fdch \u010dasech [&hellip;]","datePublished":"2020-11-06","dateModified":"2023-05-01","author":{"@type":"Person","@id":"https:\/\/www.moneyworld.cz\/author\/devene\/#Person","name":"devene","url":"https:\/\/www.moneyworld.cz\/author\/devene\/","identifier":2,"image":{"@type":"ImageObject","@id":"https:\/\/secure.gravatar.com\/avatar\/f17e51fc588a8d58b22312b5abcc2141?s=96&d=mm&r=g","url":"https:\/\/secure.gravatar.com\/avatar\/f17e51fc588a8d58b22312b5abcc2141?s=96&d=mm&r=g","height":96,"width":96}},"publisher":{"@type":"Organization","name":"moneyworld.cz","logo":{"@type":"ImageObject","@id":"\/logo.png","url":"\/logo.png","width":600,"height":60}},"url":"https:\/\/www.moneyworld.cz\/co-nas-v-ekonomice-ceka\/","about":["Ekonomika"],"wordCount":543,"articleBody":"Pro nikoho, kdo se o to aspo\u0148 trochu zaj\u00edm\u00e1, nen\u00ed \u017e\u00e1dn\u00fdm tajemstv\u00edm, \u017ee se situace v&nbsp;na\u0161\u00ed ekonomice u\u017e dlouhodob\u011b hor\u0161\u00ed a hor\u0161\u00ed. Zat\u00edmco jsme se po dev\u011btaosmdes\u00e1t\u00e9m roce chlubili sv\u00fdm premiantstv\u00edm mezi zem\u011bmi na v\u00fdchod od \u017eelezn\u00e9 opony, nyn\u00ed u\u017e se d\u00e1 pou\u017e\u00edt sp\u00ed\u0161e r\u010den\u00ed &sbquo;kde\u017ee lo\u0148sk\u00e9 sn\u011bhy jsou&lsquo;.I v&nbsp;pom\u011brn\u011b ned\u00e1vn\u00fdch takzvan\u00fdch dobr\u00fdch \u010dasech n\u00e1s na\u0161i nejmocn\u011bj\u0161\u00ed zadlu\u017eovali rok co rok v&nbsp;\u0159\u00e1du des\u00edtek miliard s&nbsp;t\u00edm, \u017ee pr\u00fd jsme m\u00e1lo zadlu\u017een\u00ed a m\u016f\u017eeme si to tedy dovolit, nyn\u00ed, v&nbsp;dob\u00e1ch zl\u00fdch, je n\u00e1\u0161 st\u00e1tn\u00ed rozpo\u010det podoben p\u0159\u00edmo katastrof\u011b.U\u017e letos se propracujeme na dluh v&nbsp;zam\u00fd\u0161len\u00e9 v\u00fd\u0161i p\u016fl bilionu korun, a na konci roku p\u0159\u00ed\u0161t\u00edho se m\u00e1me dostat pr\u00fd na 2439 miliard korun st\u00e1tn\u00edho dluhu, plus mo\u017en\u00e1 je\u0161t\u011b v\u00fd\u0161, pokud projdou n\u011bkter\u00e9 teprve navrhovan\u00e9 da\u0148ov\u00e9 zm\u011bny. Na\u0161e vl\u00e1da n\u00e1s tak hodl\u00e1 v&nbsp;p\u0159\u00ed\u0161t\u00edm roce zadlu\u017eit je\u0161t\u011b o stovky miliard v\u00edc ne\u017e letos, kdy je rozpo\u010det podoben sp\u00ed\u0161e hororu ne\u017e v\u00fdsledku pr\u00e1ce schopn\u00fdch st\u00e1tn\u00edk\u016f, a to se vlastn\u011b je\u0161t\u011b ani nev\u00ed, jak\u00e1 bude leto\u0161n\u00ed kone\u010dn\u00e1 v\u00fd\u0161e st\u00e1tn\u00edho dluhu a kolik si tedy bude n\u00e1\u0161 st\u00e1t muset p\u016fj\u010dit. I kdy\u017e je pochopiteln\u00e9, \u017ee ono slovo &sbquo;muset&lsquo; tu nesed\u00ed, proto\u017ee k&nbsp;tomu na\u0161e politiky vlastn\u011b nikdo nenut\u00ed.Pro\u010d jsme letos dopadli tak katastrof\u00e1ln\u011b a p\u0159\u00ed\u0161t\u00ed rok to bude je\u0161t\u011b hor\u0161\u00ed? Ofici\u00e1ln\u011b se to, jak zn\u00e1mo, sv\u00e1d\u00ed na koronavirovou pandemii. Pro\u010d? Proto\u017ee je to vlastn\u011b docela pohodln\u00e9. Lid\u00e9 se zastra\u0161\u00ed jakousi chorobou, kdeco se jim kv\u016fli tomu zak\u00e1\u017ee, p\u0159iprav\u00ed se o p\u0159\u00edjmy a pak mus\u00ed na zadlu\u017eov\u00e1n\u00ed st\u00e1tu ml\u010det, proto\u017ee je to p\u0159ece hodn\u00fd tat\u00ed\u010dek st\u00e1t, jen\u017e je &sbquo;nenech\u00e1 padnout&lsquo;, jen\u017e jim p\u0159ihraje n\u011bjakou tu almu\u017enu dejme tomu v&nbsp;podob\u011b o\u0161et\u0159ovn\u00e9ho, jednor\u00e1zov\u00e9ho \u00faplatku (toti\u017e pr\u00fd p\u0159\u00edplatku) k&nbsp;d\u016fchod\u016fm a podobn\u011b. A kdyby se to n\u011bkomu nel\u00edbilo? Pak je pr\u00fd nebezpe\u010dn\u00fd a zak\u00e1\u017ee se mu shroma\u017e\u010fovat.A co sly\u0161\u00edme v&nbsp;dne\u0161n\u00edch dnech nav\u00edc? \u017de jestli pr\u00fd s&nbsp;t\u00edm nechce men\u0161\u00ed koali\u010dn\u00ed partner vl\u00e1dnouc\u00edho hnut\u00ed nic m\u00edt, m\u016f\u017ee z&nbsp;vl\u00e1dy obej\u00edt. Velk\u00e1 strana ode\u0161l\u00e9 ministry nahrad\u00ed sv\u00fdmi odborn\u00edky a pojede se d\u00e1l. A skon\u010d\u00ed to stejnou katastrofou jako kdysi v&nbsp;podobn\u00e9 situaci. Kdy zazn\u011blo ono zn\u00e1m\u00e9: &bdquo;Pr\u00e1v\u011b jsem se vr\u00e1til z&nbsp;Hradu&hellip;&ldquo; A v\u0161ichni v\u00edme, jak to (nejen) po ekonomick\u00e9 str\u00e1nce dopadlo.                                                                                                                                                                                                                                                                                                                                                                                                                                                Jak bude reklama vypadat? -           Kup si reklamu pod t\u00edmto \u010dl\u00e1nkem jen za 50 K\u010d      Zobrazit formul\u00e1\u0159 pro n\u00e1kup                      Odkaz:                     N\u00e1zev:                     Popisek:                    Follow Nofollow                                                     "},{"@context":"https:\/\/schema.org\/","@type":"BreadcrumbList","itemListElement":[{"@type":"ListItem","position":1,"name":"Co n\u00e1s v ekonomice \u010dek\u00e1?","item":"https:\/\/www.moneyworld.cz\/co-nas-v-ekonomice-ceka\/#breadcrumbitem"}]}]